{"id":1237,"date":"2015-05-13T15:58:30","date_gmt":"2015-05-13T13:58:30","guid":{"rendered":"http:\/\/www.aqualowe.ch\/blog\/?p=1237"},"modified":"2025-04-23T18:07:21","modified_gmt":"2025-04-23T16:07:21","slug":"carpe-diem-un-conte-au-fil-de-leau","status":"publish","type":"post","link":"https:\/\/blog.aqualowe.ch\/index.php\/2015\/05\/13\/carpe-diem-un-conte-au-fil-de-leau\/","title":{"rendered":"Carpe Diem, un conte au fil de l&rsquo;eau"},"content":{"rendered":"<p><a href=\"http:\/\/www.aqualowe.ch\/blog\/wp-content\/uploads\/2015\/05\/Carpe-Diem-sur-la-rive.jpg\"><img loading=\"lazy\" decoding=\"async\" class=\"alignnone size-full wp-image-1238\" alt=\"Carpe Diem sur la rive\" src=\"http:\/\/www.aqualowe.ch\/blog\/wp-content\/uploads\/2015\/05\/Carpe-Diem-sur-la-rive.jpg\" width=\"800\" height=\"486\" srcset=\"https:\/\/blog.aqualowe.ch\/wp-content\/uploads\/2015\/05\/Carpe-Diem-sur-la-rive.jpg 800w, https:\/\/blog.aqualowe.ch\/wp-content\/uploads\/2015\/05\/Carpe-Diem-sur-la-rive-300x182.jpg 300w, https:\/\/blog.aqualowe.ch\/wp-content\/uploads\/2015\/05\/Carpe-Diem-sur-la-rive-493x300.jpg 493w\" sizes=\"auto, (max-width: 800px) 100vw, 800px\" \/><\/a><\/p>\n<p>Une carpe paresseuse et vorace cache son oisivet\u00e9 derri\u00e8re les journaux. Au cr\u00e9puscule, planqu\u00e9e dans son trou, elle r\u00e9unit les fragments de pages \u00e9parpill\u00e9es dans la vase et lit les derni\u00e8res nouvelles au reste de la troupe. Elle promet la fra\u00eecheur de l&rsquo;eau sur les \u00e9cailles, la clart\u00e9 des rives. Mais elle ment.<\/p>\n<p>Carpe Diem est d\u00e9sormais disponible pour seulement 28,00 CHF<\/p>\n<p>La boutique c&rsquo;est par ici : <a title=\"contact\" href=\"https:\/\/aqualowe.ch\/contact.html\" target=\"_blank\">mail<\/a><\/p>\n","protected":false},"excerpt":{"rendered":"<p>Une carpe paresseuse et vorace cache son oisivet\u00e9 derri\u00e8re les journaux. Au cr\u00e9puscule, planqu\u00e9e dans son trou, elle r\u00e9unit les fragments de pages \u00e9parpill\u00e9es dans la vase et lit les derni\u00e8res nouvelles au reste de la troupe. Elle promet la &hellip; <a href=\"https:\/\/blog.aqualowe.ch\/index.php\/2015\/05\/13\/carpe-diem-un-conte-au-fil-de-leau\/\">Continuer la lecture <span class=\"meta-nav\">&rarr;<\/span><\/a><\/p>\n","protected":false},"author":2,"featured_media":0,"comment_status":"open","ping_status":"open","sticky":false,"template":"","format":"standard","meta":{"footnotes":""},"categories":[61,1302],"tags":[1321,1323,1317,1306,1322,1324,1316,1125,1320,1319,1318],"class_list":["post-1237","post","type-post","status-publish","format-standard","hentry","category-aquarelle","category-illustration-2","tag-aquarelles-sous-leau","tag-ecrevisse","tag-illustrations-de-louise-weber","tag-janvier-la-bricole","tag-les-poissons-de-riviere","tag-mars-et-avril","tag-texte-de-catherine-jeanrenaud","tag-un-conte-au-fil-de-leau","tag-un-conte-ecolo","tag-une-carpe-et-ses-amis","tag-une-jolie-histoire-de-riviere"],"_links":{"self":[{"href":"https:\/\/blog.aqualowe.ch\/index.php\/wp-json\/wp\/v2\/posts\/1237","targetHints":{"allow":["GET"]}}],"collection":[{"href":"https:\/\/blog.aqualowe.ch\/index.php\/wp-json\/wp\/v2\/posts"}],"about":[{"href":"https:\/\/blog.aqualowe.ch\/index.php\/wp-json\/wp\/v2\/types\/post"}],"author":[{"embeddable":true,"href":"https:\/\/blog.aqualowe.ch\/index.php\/wp-json\/wp\/v2\/users\/2"}],"replies":[{"embeddable":true,"href":"https:\/\/blog.aqualowe.ch\/index.php\/wp-json\/wp\/v2\/comments?post=1237"}],"version-history":[{"count":4,"href":"https:\/\/blog.aqualowe.ch\/index.php\/wp-json\/wp\/v2\/posts\/1237\/revisions"}],"predecessor-version":[{"id":1557,"href":"https:\/\/blog.aqualowe.ch\/index.php\/wp-json\/wp\/v2\/posts\/1237\/revisions\/1557"}],"wp:attachment":[{"href":"https:\/\/blog.aqualowe.ch\/index.php\/wp-json\/wp\/v2\/media?parent=1237"}],"wp:term":[{"taxonomy":"category","embeddable":true,"href":"https:\/\/blog.aqualowe.ch\/index.php\/wp-json\/wp\/v2\/categories?post=1237"},{"taxonomy":"post_tag","embeddable":true,"href":"https:\/\/blog.aqualowe.ch\/index.php\/wp-json\/wp\/v2\/tags?post=1237"}],"curies":[{"name":"wp","href":"https:\/\/api.w.org\/{rel}","templated":true}]}}