{"id":1270,"date":"2015-08-11T14:40:22","date_gmt":"2015-08-11T12:40:22","guid":{"rendered":"http:\/\/www.aqualowe.ch\/blog\/?p=1270"},"modified":"2025-04-23T18:07:20","modified_gmt":"2025-04-23T16:07:20","slug":"carpe-diem-et-la-librairie","status":"publish","type":"post","link":"https:\/\/blog.aqualowe.ch\/index.php\/2015\/08\/11\/carpe-diem-et-la-librairie\/","title":{"rendered":"Carpe Diem et la librairie&#8230;"},"content":{"rendered":"<p><a href=\"http:\/\/www.aqualowe.ch\/blog\/wp-content\/uploads\/2015\/07\/En-librairie-www.aqualowe.ch_.jpg\"><img loading=\"lazy\" decoding=\"async\" class=\"alignnone size-full wp-image-1269\" alt=\"En librairie www.aqualowe.ch\" src=\"http:\/\/www.aqualowe.ch\/blog\/wp-content\/uploads\/2015\/07\/En-librairie-www.aqualowe.ch_.jpg\" width=\"600\" height=\"450\" srcset=\"https:\/\/blog.aqualowe.ch\/wp-content\/uploads\/2015\/07\/En-librairie-www.aqualowe.ch_.jpg 600w, https:\/\/blog.aqualowe.ch\/wp-content\/uploads\/2015\/07\/En-librairie-www.aqualowe.ch_-300x225.jpg 300w, https:\/\/blog.aqualowe.ch\/wp-content\/uploads\/2015\/07\/En-librairie-www.aqualowe.ch_-400x300.jpg 400w\" sizes=\"auto, (max-width: 600px) 100vw, 600px\" \/><\/a><\/p>\n<p>Carpe Diem a trouv\u00e9 sa place dans les rayons !<\/p>\n<p>Il est d\u00e9sormais en vente ici :<\/p>\n<p>La boutique Les Eclats d&rsquo;Erika, Rue de la Terrassi\u00e8re 12 \u00e0 Gen\u00e8ve<br \/>\nLibrairie Au Chien Bleu, Rue Au Leschot 11 \u00e0 Gen\u00e8ve<br \/>\nLibrairie du Boulevard, Rue de Carouge 34 \u00e0 Gen\u00e8ve \u00a0 \u00a0 \u00a0 \u00a0 \u00a0 \u00a0 \u00a0 \u00a0 \u00a0 \u00a0 \u00a0 \u00a0 \u00a0 \u00a0 \u00a0 \u00a0 \u00a0 \u00a0 \u00a0 \u00a0 \u00a0 \u00a0 \u00a0 \u00a0 Boutique du Mus\u00e9um, Mus\u00e9um d&rsquo;Histoire Naturelle, Route de Malagnou 1, \u00e0 Gen\u00e8ve Fondation Gianadda, Rue du Forum, \u00e0 Martigny<\/p>\n<p>Et la liste s&rsquo;allonge&#8230;<\/p>\n","protected":false},"excerpt":{"rendered":"<p>Carpe Diem a trouv\u00e9 sa place dans les rayons ! Il est d\u00e9sormais en vente ici : La boutique Les Eclats d&rsquo;Erika, Rue de la Terrassi\u00e8re 12 \u00e0 Gen\u00e8ve Librairie Au Chien Bleu, Rue Au Leschot 11 \u00e0 Gen\u00e8ve Librairie &hellip; <a href=\"https:\/\/blog.aqualowe.ch\/index.php\/2015\/08\/11\/carpe-diem-et-la-librairie\/\">Continuer la lecture <span class=\"meta-nav\">&rarr;<\/span><\/a><\/p>\n","protected":false},"author":2,"featured_media":0,"comment_status":"open","ping_status":"open","sticky":false,"template":"","format":"standard","meta":{"footnotes":""},"categories":[61,325,1302],"tags":[1378,1383,1388,1386,241,1377,1390,1379,1375,1376,1380,1384,1385,1389,1387,1381,1382],"class_list":["post-1270","post","type-post","status-publish","format-standard","hentry","category-aquarelle","category-crayon","category-illustration-2","tag-a-vendre","tag-au-chien-bleu","tag-boutique-du-museum","tag-carouge","tag-carpe-diem","tag-dans-le-sac","tag-fondation-gianadda","tag-il-est-en-rayon","tag-jachete","tag-le-livre","tag-les-eclats-derika","tag-leschot","tag-librairie-du-boulevard","tag-malagnou","tag-museum-dhistoire-naturelle","tag-petra","tag-terrassiere"],"_links":{"self":[{"href":"https:\/\/blog.aqualowe.ch\/index.php\/wp-json\/wp\/v2\/posts\/1270","targetHints":{"allow":["GET"]}}],"collection":[{"href":"https:\/\/blog.aqualowe.ch\/index.php\/wp-json\/wp\/v2\/posts"}],"about":[{"href":"https:\/\/blog.aqualowe.ch\/index.php\/wp-json\/wp\/v2\/types\/post"}],"author":[{"embeddable":true,"href":"https:\/\/blog.aqualowe.ch\/index.php\/wp-json\/wp\/v2\/users\/2"}],"replies":[{"embeddable":true,"href":"https:\/\/blog.aqualowe.ch\/index.php\/wp-json\/wp\/v2\/comments?post=1270"}],"version-history":[{"count":12,"href":"https:\/\/blog.aqualowe.ch\/index.php\/wp-json\/wp\/v2\/posts\/1270\/revisions"}],"predecessor-version":[{"id":1659,"href":"https:\/\/blog.aqualowe.ch\/index.php\/wp-json\/wp\/v2\/posts\/1270\/revisions\/1659"}],"wp:attachment":[{"href":"https:\/\/blog.aqualowe.ch\/index.php\/wp-json\/wp\/v2\/media?parent=1270"}],"wp:term":[{"taxonomy":"category","embeddable":true,"href":"https:\/\/blog.aqualowe.ch\/index.php\/wp-json\/wp\/v2\/categories?post=1270"},{"taxonomy":"post_tag","embeddable":true,"href":"https:\/\/blog.aqualowe.ch\/index.php\/wp-json\/wp\/v2\/tags?post=1270"}],"curies":[{"name":"wp","href":"https:\/\/api.w.org\/{rel}","templated":true}]}}