{"id":1315,"date":"2015-11-21T20:25:37","date_gmt":"2015-11-21T18:25:37","guid":{"rendered":"http:\/\/www.aqualowe.ch\/blog\/?p=1315"},"modified":"2025-04-23T18:07:20","modified_gmt":"2025-04-23T16:07:20","slug":"un-vernissage-absolument-fabuleux","status":"publish","type":"post","link":"https:\/\/blog.aqualowe.ch\/index.php\/2015\/11\/21\/un-vernissage-absolument-fabuleux\/","title":{"rendered":"Un vernissage absolument fabuleux !"},"content":{"rendered":"<p><span style=\"font-weight: 300;\">C&rsquo;est un v\u00e9ritable conte de f\u00e9e que nous avons v\u00e9cu hier soir. Merci \u00e0 tous ceux qui ont affront\u00e9 la temp\u00eate pour venir \u00e9couter notre conte au fil de l&rsquo;eau.<\/span><\/p>\n<p>Merci \u00e0 tous ceux qui \u00e9taient avec nous en pens\u00e9e, oui, merci pour vos magnifiques messages aussi.<\/p>\n<div>\n<p>Merci aux journalistes qui de votre plume enjou\u00e9e avez annonc\u00e9 l\u2019\u00e9v\u00e9nement.<\/p>\n<p>Merci au Conservatoire de Musique de Terre Sainte, tant la direction et les \u00e9l\u00e8ves talentueux que les enseignants passionn\u00e9s et enthousiastes, pour les interm\u00e8des musicaux de qualit\u00e9 que vous nous avez offerts.<\/p>\n<p>Merci \u00e0 tout l&rsquo;\u00e9quipage, si j&rsquo;ose dire, de la Fondation Engelberts, pour nous avoir pr\u00eat\u00e9 vos murs charg\u00e9s d&rsquo;histoire, pour la magnifique organisation de la soir\u00e9e, et surtout pour avoir cru en notre projet d&rsquo;\u00e9dition et n&rsquo;avoir pas fait que cela.<\/p>\n<p>Merci \u00e0 tous ceux qui ont travaill\u00e9 dans l&rsquo;ombre et sans qui cette soir\u00e9e n&rsquo;aurait eu la m\u00eame saveur.<\/p>\n<p>Vous \u00e9tiez pas moins de 80 \u00e0 partager avec nous, dans une salle pr\u00e9vue pour 50 personnes, le vernissage de notre livre Carpe Diem. Quand vous n&rsquo;\u00e9tiez pas assis ou debout dans la salle, vous \u00e9tiez dans le couloir et m\u00eame dans l&rsquo;escalier de style soit, mais escalier tout de m\u00eame&#8230; MERCI !<br \/>\nMerci, tout simplement, MERCI A VOUS TOUS !<\/p>\n<p>Et puis, si vous le permettez, plus personnellement, j&rsquo;adresse un immense merci \u00e0 Bernie, mon compagnon, qui subit presque au quotidien mes fabulations artistiques et qui fut pour l&rsquo;occasion transporteur, \u00e9lectricien, \u00e9clairagiste, logisticien, ing\u00e9nieur son&#8230; et m&rsquo;a support\u00e9 en tous points de vues. Merci \u00e0 Ang\u00e9 qui a ce quelque chose de magique, qui fait que l&rsquo;on aime \u00eatre \u00e0 ses c\u00f4t\u00e9s, et puis tout particuli\u00e8rement MERCI \u00e0 mon fils J\u00e9r\u00e9my, qui n&rsquo;en a jamais dout\u00e9 et \u00e0 qui je d\u00e9die cette belle aventure, cette page de ma vie.<\/p>\n<p>Carpe Diem !<\/p>\n<\/div>\n","protected":false},"excerpt":{"rendered":"<p>C&rsquo;est un v\u00e9ritable conte de f\u00e9e que nous avons v\u00e9cu hier soir. Merci \u00e0 tous ceux qui ont affront\u00e9 la temp\u00eate pour venir \u00e9couter notre conte au fil de l&rsquo;eau. Merci \u00e0 tous ceux qui \u00e9taient avec nous en pens\u00e9e, &hellip; <a href=\"https:\/\/blog.aqualowe.ch\/index.php\/2015\/11\/21\/un-vernissage-absolument-fabuleux\/\">Continuer la lecture <span class=\"meta-nav\">&rarr;<\/span><\/a><\/p>\n","protected":false},"author":2,"featured_media":0,"comment_status":"open","ping_status":"open","sticky":false,"template":"","format":"standard","meta":{"footnotes":""},"categories":[1399],"tags":[1057,240,241,1428,1403,234,1431,1427,1420,1429,1430,1400,1432,1424,1315,1426,1423,1125,1422,1404,1425],"class_list":["post-1315","post","type-post","status-publish","format-standard","hentry","category-evenement","tag-amitie","tag-carpe","tag-carpe-diem","tag-clarinette","tag-conservatoire-de-musique-de-terre-sainte","tag-conte-au-fil-de-leau","tag-famille","tag-flute-traversiere","tag-fondation-engelberts-a-mies","tag-harpe","tag-jeunes-talents","tag-lecture","tag-les-amis-de-carpe-diem","tag-marimba","tag-merci","tag-piano","tag-rever-eveille","tag-un-conte-au-fil-de-leau","tag-un-reve","tag-vernissage","tag-violon"],"_links":{"self":[{"href":"https:\/\/blog.aqualowe.ch\/index.php\/wp-json\/wp\/v2\/posts\/1315","targetHints":{"allow":["GET"]}}],"collection":[{"href":"https:\/\/blog.aqualowe.ch\/index.php\/wp-json\/wp\/v2\/posts"}],"about":[{"href":"https:\/\/blog.aqualowe.ch\/index.php\/wp-json\/wp\/v2\/types\/post"}],"author":[{"embeddable":true,"href":"https:\/\/blog.aqualowe.ch\/index.php\/wp-json\/wp\/v2\/users\/2"}],"replies":[{"embeddable":true,"href":"https:\/\/blog.aqualowe.ch\/index.php\/wp-json\/wp\/v2\/comments?post=1315"}],"version-history":[{"count":1,"href":"https:\/\/blog.aqualowe.ch\/index.php\/wp-json\/wp\/v2\/posts\/1315\/revisions"}],"predecessor-version":[{"id":1316,"href":"https:\/\/blog.aqualowe.ch\/index.php\/wp-json\/wp\/v2\/posts\/1315\/revisions\/1316"}],"wp:attachment":[{"href":"https:\/\/blog.aqualowe.ch\/index.php\/wp-json\/wp\/v2\/media?parent=1315"}],"wp:term":[{"taxonomy":"category","embeddable":true,"href":"https:\/\/blog.aqualowe.ch\/index.php\/wp-json\/wp\/v2\/categories?post=1315"},{"taxonomy":"post_tag","embeddable":true,"href":"https:\/\/blog.aqualowe.ch\/index.php\/wp-json\/wp\/v2\/tags?post=1315"}],"curies":[{"name":"wp","href":"https:\/\/api.w.org\/{rel}","templated":true}]}}