{"id":1372,"date":"2016-04-23T18:09:04","date_gmt":"2016-04-23T16:09:04","guid":{"rendered":"http:\/\/www.aqualowe.ch\/blog\/?p=1372"},"modified":"2025-04-23T18:07:20","modified_gmt":"2025-04-23T16:07:20","slug":"carpe-diem-est-a-nyon","status":"publish","type":"post","link":"https:\/\/blog.aqualowe.ch\/index.php\/2016\/04\/23\/carpe-diem-est-a-nyon\/","title":{"rendered":"Carpe Diem est \u00e0 Nyon"},"content":{"rendered":"\n<figure class=\"wp-block-image size-full\"><img loading=\"lazy\" decoding=\"async\" width=\"400\" height=\"664\" src=\"https:\/\/blog.aqualowe.ch\/wp-content\/uploads\/2016\/04\/Carpe-Diem-a-Nyon.jpg\" alt=\"\" class=\"wp-image-1610\" srcset=\"https:\/\/blog.aqualowe.ch\/wp-content\/uploads\/2016\/04\/Carpe-Diem-a-Nyon.jpg 400w, https:\/\/blog.aqualowe.ch\/wp-content\/uploads\/2016\/04\/Carpe-Diem-a-Nyon-181x300.jpg 181w\" sizes=\"auto, (max-width: 400px) 100vw, 400px\" \/><\/figure>\n\n\n\n<figure class=\"wp-block-image\"><a href=\"http:\/\/www.aqualowe.ch\/blog\/wp-content\/uploads\/2016\/04\/Carpe-Diem-\u00e0-Nyon.jpg\"><img loading=\"lazy\" decoding=\"async\" width=\"400\" height=\"664\" src=\"http:\/\/www.aqualowe.ch\/blog\/wp-content\/uploads\/2016\/04\/Carpe-Diem-\u00e0-Nyon.jpg\" alt=\"Carpe Diem \u00e0 Nyon\" class=\"wp-image-1371\" srcset=\"https:\/\/blog.aqualowe.ch\/wp-content\/uploads\/2016\/04\/Carpe-Diem-\u00e0-Nyon.jpg 400w, https:\/\/blog.aqualowe.ch\/wp-content\/uploads\/2016\/04\/Carpe-Diem-\u00e0-Nyon-180x300.jpg 180w\" sizes=\"auto, (max-width: 400px) 100vw, 400px\" \/><\/a><\/figure>\n\n\n\n<p>Trois nouveaux endroits accueillent Carpe Diem :<\/p>\n\n\n\n<p>Mus\u00e9e du L\u00e9man \u00e0 Nyon \u00a0 \u00a0 \u00a0 \u00a0<em id=\"__mceDel\"><a href=\"http:\/\/www.museeduleman.ch\/fr\">http:\/\/www.museeduleman.ch\/fr<\/a><\/em><\/p>\n\n\n\n<p>The Reading Duck \u00e0 Nyon \u00a0 \u00a0 \u00a0<a href=\"https:\/\/www.facebook.com\/gaspard.canard\">https:\/\/www.facebook.com\/gaspard.canard<\/a><\/p>\n\n\n\n<p>Art Shop \u00e0 Nyon<\/p>\n","protected":false},"excerpt":{"rendered":"<p>Trois nouveaux endroits accueillent Carpe Diem : Mus\u00e9e du L\u00e9man \u00e0 Nyon \u00a0 \u00a0 \u00a0 \u00a0http:\/\/www.museeduleman.ch\/fr The Reading Duck \u00e0 Nyon \u00a0 \u00a0 \u00a0https:\/\/www.facebook.com\/gaspard.canard Art Shop \u00e0 Nyon<\/p>\n","protected":false},"author":2,"featured_media":0,"comment_status":"open","ping_status":"open","sticky":false,"template":"","format":"standard","meta":{"footnotes":""},"categories":[61,1302,28],"tags":[61,241,1486,1488,1485,1487],"class_list":["post-1372","post","type-post","status-publish","format-standard","hentry","category-aquarelle","category-illustration-2","category-photo","tag-aquarelle","tag-carpe-diem","tag-en-ballade","tag-le-chateau-de-nyon","tag-nyon","tag-sur-les-bords-du-leman"],"_links":{"self":[{"href":"https:\/\/blog.aqualowe.ch\/index.php\/wp-json\/wp\/v2\/posts\/1372","targetHints":{"allow":["GET"]}}],"collection":[{"href":"https:\/\/blog.aqualowe.ch\/index.php\/wp-json\/wp\/v2\/posts"}],"about":[{"href":"https:\/\/blog.aqualowe.ch\/index.php\/wp-json\/wp\/v2\/types\/post"}],"author":[{"embeddable":true,"href":"https:\/\/blog.aqualowe.ch\/index.php\/wp-json\/wp\/v2\/users\/2"}],"replies":[{"embeddable":true,"href":"https:\/\/blog.aqualowe.ch\/index.php\/wp-json\/wp\/v2\/comments?post=1372"}],"version-history":[{"count":2,"href":"https:\/\/blog.aqualowe.ch\/index.php\/wp-json\/wp\/v2\/posts\/1372\/revisions"}],"predecessor-version":[{"id":1611,"href":"https:\/\/blog.aqualowe.ch\/index.php\/wp-json\/wp\/v2\/posts\/1372\/revisions\/1611"}],"wp:attachment":[{"href":"https:\/\/blog.aqualowe.ch\/index.php\/wp-json\/wp\/v2\/media?parent=1372"}],"wp:term":[{"taxonomy":"category","embeddable":true,"href":"https:\/\/blog.aqualowe.ch\/index.php\/wp-json\/wp\/v2\/categories?post=1372"},{"taxonomy":"post_tag","embeddable":true,"href":"https:\/\/blog.aqualowe.ch\/index.php\/wp-json\/wp\/v2\/tags?post=1372"}],"curies":[{"name":"wp","href":"https:\/\/api.w.org\/{rel}","templated":true}]}}