{"id":1414,"date":"2016-07-18T14:36:53","date_gmt":"2016-07-18T12:36:53","guid":{"rendered":"http:\/\/www.aqualowe.ch\/blog\/?p=1414"},"modified":"2025-04-23T18:07:19","modified_gmt":"2025-04-23T16:07:19","slug":"tete-en-lair-2","status":"publish","type":"post","link":"https:\/\/blog.aqualowe.ch\/index.php\/2016\/07\/18\/tete-en-lair-2\/","title":{"rendered":"T\u00eate en l&rsquo;air&#8230;"},"content":{"rendered":"<p><a href=\"http:\/\/www.aqualowe.ch\/blog\/wp-content\/uploads\/2016\/07\/cest-un-cygne.jpg\"><img loading=\"lazy\" decoding=\"async\" class=\"alignnone size-full wp-image-1413\" alt=\"c'est un cygne\" src=\"http:\/\/www.aqualowe.ch\/blog\/wp-content\/uploads\/2016\/07\/cest-un-cygne.jpg\" width=\"600\" height=\"450\" srcset=\"https:\/\/blog.aqualowe.ch\/wp-content\/uploads\/2016\/07\/cest-un-cygne.jpg 600w, https:\/\/blog.aqualowe.ch\/wp-content\/uploads\/2016\/07\/cest-un-cygne-300x225.jpg 300w, https:\/\/blog.aqualowe.ch\/wp-content\/uploads\/2016\/07\/cest-un-cygne-400x300.jpg 400w\" sizes=\"auto, (max-width: 600px) 100vw, 600px\" \/><\/a><\/p>\n<p><span style=\"font-weight: 300;\">&#8230; Il ne faudrait pas que j&rsquo;oublie de vous souhaiter un bel \u00e9t\u00e9 !!<\/span><\/p>\n<p>Et vous offrir en partage un d\u00e9jeuner sur l&rsquo;herbe<br \/>\nEn compagnie de Nougaro<\/p>\n<p><em>D\u00e9jeuner Sur L&rsquo;herbe<\/em><\/p>\n<p><em>Tous les deux, on d\u00e9jeunait sur l&rsquo;herbe <\/em><br \/>\n<em>Et moi j&rsquo;en avais fum\u00e9 un peu <\/em><br \/>\n<em>A travers mes paupi\u00e8res entrouvertes <\/em><br \/>\n<em>L&rsquo;air bleu <\/em><br \/>\n<em>Ton visage \u00e0 l&rsquo;envers sur ton buste <\/em><br \/>\n<em>Un baiser que tu me donnes \u00e0 boire<\/em><br \/>\n<em>A se croire dans un tableau d&rsquo;Auguste<\/em><br \/>\n<em>Renoir<\/em><\/p>\n<p><em>Un chardonneret qui sifflote<\/em><br \/>\n<em>Dans l&rsquo;eau un bouchon qui flotte<\/em><br \/>\n<em>Ma plume qui p\u00eache \u00e0 la ligne<\/em><br \/>\n<em>Un vers insigne<\/em><\/p>\n<p><em>Tous les deux, on d\u00e9jeunait sur l&rsquo;herbe<\/em><br \/>\n<em>Et moi j&rsquo;en avais fum\u00e9 un peu<\/em><br \/>\n<em>Tu me disais je t&rsquo;aime, que ce verbe<\/em><br \/>\n<em>M&rsquo;\u00e9meut<\/em><br \/>\n<em>Donne-moi encore ta bouche qu&rsquo;on d\u00e9guste<\/em><br \/>\n<em>L&rsquo;eau-de-vie de pomme, de prune, de poire, <\/em><br \/>\n<em>Dans la toile \u00e9toil\u00e9e de l&rsquo;auguste<\/em><br \/>\n<em>Renoir<\/em><\/p>\n<p><em>Un rouge-gorge qui sifflote<\/em><br \/>\n<em>Dans l&rsquo;eau un bouchon qui flotte<\/em><br \/>\n<em>Ma plume qui p\u00eache \u00e0 la ligne<\/em><br \/>\n<em>Une plume de cygne<\/em><\/p>\n<p><em>Tous les deux, on d\u00e9jeunait sur l&rsquo;herbe<\/em><br \/>\n<em>Et moi j&rsquo;en avais fum\u00e9 un peu<\/em><br \/>\n<em>Dans mes yeux, un triangle superbe<\/em><br \/>\n<em>Tes yeux<\/em><br \/>\n<em>Puis le soir obscurcit la pelouse<\/em><br \/>\n<em>Pour l&rsquo;oiseau, laissons les g\u00e2teaux secs<\/em><br \/>\n<em>C&rsquo;est parfait. On repart \u00e0 Toulouse-<\/em><br \/>\n<em>Lautrec.<\/em><\/p>\n","protected":false},"excerpt":{"rendered":"<p>&#8230; Il ne faudrait pas que j&rsquo;oublie de vous souhaiter un bel \u00e9t\u00e9 !! Et vous offrir en partage un d\u00e9jeuner sur l&rsquo;herbe En compagnie de Nougaro D\u00e9jeuner Sur L&rsquo;herbe Tous les deux, on d\u00e9jeunait sur l&rsquo;herbe Et moi j&rsquo;en &hellip; <a href=\"https:\/\/blog.aqualowe.ch\/index.php\/2016\/07\/18\/tete-en-lair-2\/\">Continuer la lecture <span class=\"meta-nav\">&rarr;<\/span><\/a><\/p>\n","protected":false},"author":2,"featured_media":0,"comment_status":"open","ping_status":"open","sticky":false,"template":"","format":"standard","meta":{"footnotes":""},"categories":[28],"tags":[1534,1529,1528,1532,268,1533,1531,1530],"class_list":["post-1414","post","type-post","status-publish","format-standard","hentry","category-photo","tag-bel-ete","tag-cest-un-cygne","tag-cest-un-signe","tag-claude-nougaro","tag-dejeuner-sur-lherbe","tag-lair-bleu","tag-un-cygne","tag-une-plume"],"_links":{"self":[{"href":"https:\/\/blog.aqualowe.ch\/index.php\/wp-json\/wp\/v2\/posts\/1414","targetHints":{"allow":["GET"]}}],"collection":[{"href":"https:\/\/blog.aqualowe.ch\/index.php\/wp-json\/wp\/v2\/posts"}],"about":[{"href":"https:\/\/blog.aqualowe.ch\/index.php\/wp-json\/wp\/v2\/types\/post"}],"author":[{"embeddable":true,"href":"https:\/\/blog.aqualowe.ch\/index.php\/wp-json\/wp\/v2\/users\/2"}],"replies":[{"embeddable":true,"href":"https:\/\/blog.aqualowe.ch\/index.php\/wp-json\/wp\/v2\/comments?post=1414"}],"version-history":[{"count":1,"href":"https:\/\/blog.aqualowe.ch\/index.php\/wp-json\/wp\/v2\/posts\/1414\/revisions"}],"predecessor-version":[{"id":1415,"href":"https:\/\/blog.aqualowe.ch\/index.php\/wp-json\/wp\/v2\/posts\/1414\/revisions\/1415"}],"wp:attachment":[{"href":"https:\/\/blog.aqualowe.ch\/index.php\/wp-json\/wp\/v2\/media?parent=1414"}],"wp:term":[{"taxonomy":"category","embeddable":true,"href":"https:\/\/blog.aqualowe.ch\/index.php\/wp-json\/wp\/v2\/categories?post=1414"},{"taxonomy":"post_tag","embeddable":true,"href":"https:\/\/blog.aqualowe.ch\/index.php\/wp-json\/wp\/v2\/tags?post=1414"}],"curies":[{"name":"wp","href":"https:\/\/api.w.org\/{rel}","templated":true}]}}