{"id":1490,"date":"2018-01-27T19:55:48","date_gmt":"2018-01-27T17:55:48","guid":{"rendered":"http:\/\/www.aqualowe.ch\/blog\/?p=1490"},"modified":"2025-04-23T18:07:19","modified_gmt":"2025-04-23T16:07:19","slug":"exposition-de-dessin-academique-a-geneve","status":"publish","type":"post","link":"https:\/\/blog.aqualowe.ch\/index.php\/2018\/01\/27\/exposition-de-dessin-academique-a-geneve\/","title":{"rendered":"Exposition de dessin acad\u00e9mique \u00e0 Gen\u00e8ve"},"content":{"rendered":"<p><a href=\"http:\/\/www.aqualowe.ch\/blog\/wp-content\/uploads\/2018\/01\/Life-drawing-Exhibition.jpg\"><img loading=\"lazy\" decoding=\"async\" class=\"alignnone size-full wp-image-1489\" alt=\"Life drawing Exhibition\" src=\"http:\/\/www.aqualowe.ch\/blog\/wp-content\/uploads\/2018\/01\/Life-drawing-Exhibition.jpg\" width=\"2048\" height=\"1141\" srcset=\"https:\/\/blog.aqualowe.ch\/wp-content\/uploads\/2018\/01\/Life-drawing-Exhibition.jpg 2048w, https:\/\/blog.aqualowe.ch\/wp-content\/uploads\/2018\/01\/Life-drawing-Exhibition-300x167.jpg 300w, https:\/\/blog.aqualowe.ch\/wp-content\/uploads\/2018\/01\/Life-drawing-Exhibition-1024x570.jpg 1024w, https:\/\/blog.aqualowe.ch\/wp-content\/uploads\/2018\/01\/Life-drawing-Exhibition-500x278.jpg 500w\" sizes=\"auto, (max-width: 2048px) 100vw, 2048px\" \/><\/a>Venez visiter l&rsquo;exposition \u00ab\u00a0DRAWING LIFE TWO YEARS ON\u00a0\u00bb qui se d\u00e9roule actuellement \u00e0 la Maison de Quartier des P\u00e2quis \u00e0 Gen\u00e8ve du\u00a010 f\u00e9vrier au 9 mars 2018.<\/p>\n<p>Une collective de dessins r\u00e9alis\u00e9s d&rsquo;apr\u00e8s mod\u00e8les, \u00e0 laquelle j&rsquo;ai le privil\u00e8ge de participer. Le nu abord\u00e9 simplement, dans toute sa puret\u00e9, pour la beaut\u00e9 du dessin.<\/p>\n<p>Horaires : mardi, jeudi et vendredi de 16h \u00e0 19h et mercredi de 14h \u00e0 19h.<\/p>\n","protected":false},"excerpt":{"rendered":"<p>Venez visiter l&rsquo;exposition \u00ab\u00a0DRAWING LIFE TWO YEARS ON\u00a0\u00bb qui se d\u00e9roule actuellement \u00e0 la Maison de Quartier des P\u00e2quis \u00e0 Gen\u00e8ve du\u00a010 f\u00e9vrier au 9 mars 2018. Une collective de dessins r\u00e9alis\u00e9s d&rsquo;apr\u00e8s mod\u00e8les, \u00e0 laquelle j&rsquo;ai le privil\u00e8ge de &hellip; <a href=\"https:\/\/blog.aqualowe.ch\/index.php\/2018\/01\/27\/exposition-de-dessin-academique-a-geneve\/\">Continuer la lecture <span class=\"meta-nav\">&rarr;<\/span><\/a><\/p>\n","protected":false},"author":2,"featured_media":0,"comment_status":"open","ping_status":"open","sticky":false,"template":"","format":"standard","meta":{"footnotes":""},"categories":[1613,325,6],"tags":[1614,23,1590,1615,1619,1617,1618,570,1616,1404],"class_list":["post-1490","post","type-post","status-publish","format-standard","hentry","category-academie","category-crayon","category-fusain","tag-academie-2","tag-dessin","tag-dessin-academique","tag-fusain-2","tag-le-corps-humain","tag-le-dessin-sur-le-vif","tag-modele-vivant","tag-nu","tag-poser-nu","tag-vernissage"],"_links":{"self":[{"href":"https:\/\/blog.aqualowe.ch\/index.php\/wp-json\/wp\/v2\/posts\/1490","targetHints":{"allow":["GET"]}}],"collection":[{"href":"https:\/\/blog.aqualowe.ch\/index.php\/wp-json\/wp\/v2\/posts"}],"about":[{"href":"https:\/\/blog.aqualowe.ch\/index.php\/wp-json\/wp\/v2\/types\/post"}],"author":[{"embeddable":true,"href":"https:\/\/blog.aqualowe.ch\/index.php\/wp-json\/wp\/v2\/users\/2"}],"replies":[{"embeddable":true,"href":"https:\/\/blog.aqualowe.ch\/index.php\/wp-json\/wp\/v2\/comments?post=1490"}],"version-history":[{"count":5,"href":"https:\/\/blog.aqualowe.ch\/index.php\/wp-json\/wp\/v2\/posts\/1490\/revisions"}],"predecessor-version":[{"id":1650,"href":"https:\/\/blog.aqualowe.ch\/index.php\/wp-json\/wp\/v2\/posts\/1490\/revisions\/1650"}],"wp:attachment":[{"href":"https:\/\/blog.aqualowe.ch\/index.php\/wp-json\/wp\/v2\/media?parent=1490"}],"wp:term":[{"taxonomy":"category","embeddable":true,"href":"https:\/\/blog.aqualowe.ch\/index.php\/wp-json\/wp\/v2\/categories?post=1490"},{"taxonomy":"post_tag","embeddable":true,"href":"https:\/\/blog.aqualowe.ch\/index.php\/wp-json\/wp\/v2\/tags?post=1490"}],"curies":[{"name":"wp","href":"https:\/\/api.w.org\/{rel}","templated":true}]}}