{"id":353,"date":"2013-02-01T18:09:18","date_gmt":"2013-02-01T16:09:18","guid":{"rendered":"http:\/\/www.aqualowe.ch\/blog\/?p=353"},"modified":"2025-04-23T18:07:40","modified_gmt":"2025-04-23T16:07:40","slug":"les-tulipes","status":"publish","type":"post","link":"https:\/\/blog.aqualowe.ch\/index.php\/2013\/02\/01\/les-tulipes\/","title":{"rendered":"Les tulipes"},"content":{"rendered":"<p><a href=\"http:\/\/www.aqualowe.ch\/blog\/wp-content\/uploads\/2013\/02\/Les-tulipes-blanches.jpg\"><img loading=\"lazy\" decoding=\"async\" class=\"alignnone size-full wp-image-354\" title=\"Les tulipes blanches\" src=\"http:\/\/www.aqualowe.ch\/blog\/wp-content\/uploads\/2013\/02\/Les-tulipes-blanches.jpg\" alt=\"\" width=\"466\" height=\"630\" srcset=\"https:\/\/blog.aqualowe.ch\/wp-content\/uploads\/2013\/02\/Les-tulipes-blanches.jpg 466w, https:\/\/blog.aqualowe.ch\/wp-content\/uploads\/2013\/02\/Les-tulipes-blanches-221x300.jpg 221w\" sizes=\"auto, (max-width: 466px) 100vw, 466px\" \/><\/a><\/p>\n<p>Une d\u00e9dicace sp\u00e9ciale \u00e0 mes \u00e9l\u00e8ves d&rsquo;Ecole &amp; Quartier&#8230;<\/p>\n<p>&nbsp;<\/p>\n","protected":false},"excerpt":{"rendered":"<p>Une d\u00e9dicace sp\u00e9ciale \u00e0 mes \u00e9l\u00e8ves d&rsquo;Ecole &amp; Quartier&#8230; &nbsp;<\/p>\n","protected":false},"author":2,"featured_media":0,"comment_status":"closed","ping_status":"closed","sticky":false,"template":"","format":"standard","meta":{"footnotes":""},"categories":[61],"tags":[445,442,61,130,23,54,49,53,443,444,441,52,438],"class_list":["post-353","post","type-post","status-publish","format-standard","hentry","category-aquarelle","tag-a-grande-eau","tag-alla-prima","tag-aquarelle","tag-cours","tag-dessin","tag-dites-le-avec-des-fleurs","tag-etude","tag-fleurs","tag-fond-humide","tag-le-bouquet","tag-les-nuances-de-blanc","tag-pigments","tag-violet"],"_links":{"self":[{"href":"https:\/\/blog.aqualowe.ch\/index.php\/wp-json\/wp\/v2\/posts\/353","targetHints":{"allow":["GET"]}}],"collection":[{"href":"https:\/\/blog.aqualowe.ch\/index.php\/wp-json\/wp\/v2\/posts"}],"about":[{"href":"https:\/\/blog.aqualowe.ch\/index.php\/wp-json\/wp\/v2\/types\/post"}],"author":[{"embeddable":true,"href":"https:\/\/blog.aqualowe.ch\/index.php\/wp-json\/wp\/v2\/users\/2"}],"replies":[{"embeddable":true,"href":"https:\/\/blog.aqualowe.ch\/index.php\/wp-json\/wp\/v2\/comments?post=353"}],"version-history":[{"count":2,"href":"https:\/\/blog.aqualowe.ch\/index.php\/wp-json\/wp\/v2\/posts\/353\/revisions"}],"predecessor-version":[{"id":637,"href":"https:\/\/blog.aqualowe.ch\/index.php\/wp-json\/wp\/v2\/posts\/353\/revisions\/637"}],"wp:attachment":[{"href":"https:\/\/blog.aqualowe.ch\/index.php\/wp-json\/wp\/v2\/media?parent=353"}],"wp:term":[{"taxonomy":"category","embeddable":true,"href":"https:\/\/blog.aqualowe.ch\/index.php\/wp-json\/wp\/v2\/categories?post=353"},{"taxonomy":"post_tag","embeddable":true,"href":"https:\/\/blog.aqualowe.ch\/index.php\/wp-json\/wp\/v2\/tags?post=353"}],"curies":[{"name":"wp","href":"https:\/\/api.w.org\/{rel}","templated":true}]}}