{"id":484,"date":"2013-05-01T20:10:16","date_gmt":"2013-05-01T18:10:16","guid":{"rendered":"http:\/\/www.aqualowe.ch\/blog\/?p=484"},"modified":"2025-04-23T18:07:39","modified_gmt":"2025-04-23T16:07:39","slug":"les-vignes","status":"publish","type":"post","link":"https:\/\/blog.aqualowe.ch\/index.php\/2013\/05\/01\/les-vignes\/","title":{"rendered":"Les Vignes"},"content":{"rendered":"<p><a href=\"http:\/\/www.aqualowe.ch\/blog\/wp-content\/uploads\/2013\/05\/Les-Vignes.jpg\"><img loading=\"lazy\" decoding=\"async\" class=\"alignnone size-full wp-image-485\" alt=\"Les Vignes\" src=\"http:\/\/www.aqualowe.ch\/blog\/wp-content\/uploads\/2013\/05\/Les-Vignes.jpg\" width=\"710\" height=\"530\" srcset=\"https:\/\/blog.aqualowe.ch\/wp-content\/uploads\/2013\/05\/Les-Vignes.jpg 710w, https:\/\/blog.aqualowe.ch\/wp-content\/uploads\/2013\/05\/Les-Vignes-300x223.jpg 300w, https:\/\/blog.aqualowe.ch\/wp-content\/uploads\/2013\/05\/Les-Vignes-401x300.jpg 401w\" sizes=\"auto, (max-width: 710px) 100vw, 710px\" \/><\/a>L&rsquo;\u00e9cole Les Vignes de Versoix. Esquiss\u00e9 sur place et travaill\u00e9 d&rsquo;apr\u00e8s photo en atelier.<\/p>\n","protected":false},"excerpt":{"rendered":"<p>L&rsquo;\u00e9cole Les Vignes de Versoix. Esquiss\u00e9 sur place et travaill\u00e9 d&rsquo;apr\u00e8s photo en atelier.<\/p>\n","protected":false},"author":2,"featured_media":0,"comment_status":"closed","ping_status":"closed","sticky":false,"template":"","format":"standard","meta":{"footnotes":""},"categories":[61,325],"tags":[672,61,130,671,7,669,430,675,58,674,677,668,676,670,673,658],"class_list":["post-484","post","type-post","status-publish","format-standard","hentry","category-aquarelle","category-crayon","tag-aeqv","tag-aquarelle","tag-cours","tag-cours-extra-muros","tag-croquis","tag-ecole","tag-esquisse","tag-la-gomme-a-masquer","tag-le-printemps","tag-les-couleurs","tag-les-fortythias-en-fleur","tag-les-vignes-a-versoix","tag-precision-et-flou-artistique","tag-sur-le-vif","tag-travailler-a-lexterieur","tag-versoix"],"_links":{"self":[{"href":"https:\/\/blog.aqualowe.ch\/index.php\/wp-json\/wp\/v2\/posts\/484","targetHints":{"allow":["GET"]}}],"collection":[{"href":"https:\/\/blog.aqualowe.ch\/index.php\/wp-json\/wp\/v2\/posts"}],"about":[{"href":"https:\/\/blog.aqualowe.ch\/index.php\/wp-json\/wp\/v2\/types\/post"}],"author":[{"embeddable":true,"href":"https:\/\/blog.aqualowe.ch\/index.php\/wp-json\/wp\/v2\/users\/2"}],"replies":[{"embeddable":true,"href":"https:\/\/blog.aqualowe.ch\/index.php\/wp-json\/wp\/v2\/comments?post=484"}],"version-history":[{"count":3,"href":"https:\/\/blog.aqualowe.ch\/index.php\/wp-json\/wp\/v2\/posts\/484\/revisions"}],"predecessor-version":[{"id":611,"href":"https:\/\/blog.aqualowe.ch\/index.php\/wp-json\/wp\/v2\/posts\/484\/revisions\/611"}],"wp:attachment":[{"href":"https:\/\/blog.aqualowe.ch\/index.php\/wp-json\/wp\/v2\/media?parent=484"}],"wp:term":[{"taxonomy":"category","embeddable":true,"href":"https:\/\/blog.aqualowe.ch\/index.php\/wp-json\/wp\/v2\/categories?post=484"},{"taxonomy":"post_tag","embeddable":true,"href":"https:\/\/blog.aqualowe.ch\/index.php\/wp-json\/wp\/v2\/tags?post=484"}],"curies":[{"name":"wp","href":"https:\/\/api.w.org\/{rel}","templated":true}]}}