{"id":505,"date":"2013-05-22T19:57:14","date_gmt":"2013-05-22T17:57:14","guid":{"rendered":"http:\/\/www.aqualowe.ch\/blog\/?p=505"},"modified":"2025-04-23T18:07:38","modified_gmt":"2025-04-23T16:07:38","slug":"course-contre-le-temps","status":"publish","type":"post","link":"https:\/\/blog.aqualowe.ch\/index.php\/2013\/05\/22\/course-contre-le-temps\/","title":{"rendered":"Course contre le temps"},"content":{"rendered":"<p><a href=\"http:\/\/www.aqualowe.ch\/blog\/wp-content\/uploads\/2013\/05\/The-next-Holi-Day.jpg\"><img loading=\"lazy\" decoding=\"async\" class=\"alignnone size-full wp-image-501\" alt=\"The next Holi Day\" src=\"http:\/\/www.aqualowe.ch\/blog\/wp-content\/uploads\/2013\/05\/The-next-Holi-Day.jpg\" width=\"630\" height=\"434\" srcset=\"https:\/\/blog.aqualowe.ch\/wp-content\/uploads\/2013\/05\/The-next-Holi-Day.jpg 630w, https:\/\/blog.aqualowe.ch\/wp-content\/uploads\/2013\/05\/The-next-Holi-Day-300x206.jpg 300w, https:\/\/blog.aqualowe.ch\/wp-content\/uploads\/2013\/05\/The-next-Holi-Day-435x300.jpg 435w\" sizes=\"auto, (max-width: 630px) 100vw, 630px\" \/><\/a>Y arriverai-je seulement ? Le temps presse, la toile est compliqu\u00e9e, tr\u00e8s compliqu\u00e9e&#8230; et la livraison est pr\u00e9vue pour dans 2 semaines&#8230;<\/p>\n<p>Le th\u00e8me : Holi festival \u00e0 Berlin (f\u00eate d&rsquo;origine hindoue)<\/p>\n","protected":false},"excerpt":{"rendered":"<p>Y arriverai-je seulement ? Le temps presse, la toile est compliqu\u00e9e, tr\u00e8s compliqu\u00e9e&#8230; et la livraison est pr\u00e9vue pour dans 2 semaines&#8230; Le th\u00e8me : Holi festival \u00e0 Berlin (f\u00eate d&rsquo;origine hindoue)<\/p>\n","protected":false},"author":2,"featured_media":0,"comment_status":"closed","ping_status":"closed","sticky":false,"template":"","format":"standard","meta":{"footnotes":""},"categories":[1],"tags":[698,704,697,702,619,696,701,623,699,674,700,703],"class_list":["post-505","post","type-post","status-publish","format-standard","hentry","category-huile","tag-alice-au-pays-des-merveilles","tag-david-bowie","tag-en-retard","tag-festival-de-couleurs","tag-holi","tag-indes","tag-la-couleur","tag-la-fete","tag-le-lapin-blanc","tag-les-couleurs","tag-les-pigments","tag-the-next-day"],"_links":{"self":[{"href":"https:\/\/blog.aqualowe.ch\/index.php\/wp-json\/wp\/v2\/posts\/505","targetHints":{"allow":["GET"]}}],"collection":[{"href":"https:\/\/blog.aqualowe.ch\/index.php\/wp-json\/wp\/v2\/posts"}],"about":[{"href":"https:\/\/blog.aqualowe.ch\/index.php\/wp-json\/wp\/v2\/types\/post"}],"author":[{"embeddable":true,"href":"https:\/\/blog.aqualowe.ch\/index.php\/wp-json\/wp\/v2\/users\/2"}],"replies":[{"embeddable":true,"href":"https:\/\/blog.aqualowe.ch\/index.php\/wp-json\/wp\/v2\/comments?post=505"}],"version-history":[{"count":3,"href":"https:\/\/blog.aqualowe.ch\/index.php\/wp-json\/wp\/v2\/posts\/505\/revisions"}],"predecessor-version":[{"id":608,"href":"https:\/\/blog.aqualowe.ch\/index.php\/wp-json\/wp\/v2\/posts\/505\/revisions\/608"}],"wp:attachment":[{"href":"https:\/\/blog.aqualowe.ch\/index.php\/wp-json\/wp\/v2\/media?parent=505"}],"wp:term":[{"taxonomy":"category","embeddable":true,"href":"https:\/\/blog.aqualowe.ch\/index.php\/wp-json\/wp\/v2\/categories?post=505"},{"taxonomy":"post_tag","embeddable":true,"href":"https:\/\/blog.aqualowe.ch\/index.php\/wp-json\/wp\/v2\/tags?post=505"}],"curies":[{"name":"wp","href":"https:\/\/api.w.org\/{rel}","templated":true}]}}