{"id":95,"date":"2012-05-19T14:19:02","date_gmt":"2012-05-19T12:19:02","guid":{"rendered":"http:\/\/www.aqualowe.ch\/blog\/?p=95"},"modified":"2025-04-23T18:11:30","modified_gmt":"2025-04-23T16:11:30","slug":"la-mise-en-couleur","status":"publish","type":"post","link":"https:\/\/blog.aqualowe.ch\/index.php\/2012\/05\/19\/la-mise-en-couleur\/","title":{"rendered":"La mise en couleur"},"content":{"rendered":"\n<figure class=\"wp-block-image size-full\"><img loading=\"lazy\" decoding=\"async\" width=\"530\" height=\"312\" src=\"https:\/\/blog.aqualowe.ch\/wp-content\/uploads\/2012\/05\/la-pomme-de-terre-debut_b.jpg\" alt=\"\" class=\"wp-image-1685\" srcset=\"https:\/\/blog.aqualowe.ch\/wp-content\/uploads\/2012\/05\/la-pomme-de-terre-debut_b.jpg 530w, https:\/\/blog.aqualowe.ch\/wp-content\/uploads\/2012\/05\/la-pomme-de-terre-debut_b-300x177.jpg 300w, https:\/\/blog.aqualowe.ch\/wp-content\/uploads\/2012\/05\/la-pomme-de-terre-debut_b-500x294.jpg 500w\" sizes=\"auto, (max-width: 530px) 100vw, 530px\" \/><\/figure>\n\n\n\n<p>Je commence par repr\u00e9senter les continents.<strong> Le vert<\/strong> par excellence&#8230; du vert et encore du vert&#8230; M\u00e9lang\u00e9 au brun, \u00e0 l&rsquo;ocre et m\u00eame par endroit au carmin&#8230; le vert domine. La couleur est dilu\u00e9e avec de l&rsquo;<strong>essence de t\u00e9r\u00e9benthine<\/strong>.<\/p>\n","protected":false},"excerpt":{"rendered":"<p>Je commence par repr\u00e9senter les continents. Le vert par excellence&#8230; du vert et encore du vert&#8230; M\u00e9lang\u00e9 au brun, \u00e0 l&rsquo;ocre et m\u00eame par endroit au carmin&#8230; le vert domine. La couleur est dilu\u00e9e avec de l&rsquo;essence de t\u00e9r\u00e9benthine.<\/p>\n","protected":false},"author":2,"featured_media":0,"comment_status":"closed","ping_status":"open","sticky":false,"template":"","format":"standard","meta":{"footnotes":""},"categories":[1],"tags":[46,19,1,12,69,70,11,15,20],"class_list":["post-95","post","type-post","status-publish","format-standard","hentry","category-huile","tag-couleurs","tag-envergure","tag-huile","tag-la-terre","tag-les-continents","tag-melange","tag-pomme-de-terre","tag-vert","tag-xl-pictural"],"_links":{"self":[{"href":"https:\/\/blog.aqualowe.ch\/index.php\/wp-json\/wp\/v2\/posts\/95","targetHints":{"allow":["GET"]}}],"collection":[{"href":"https:\/\/blog.aqualowe.ch\/index.php\/wp-json\/wp\/v2\/posts"}],"about":[{"href":"https:\/\/blog.aqualowe.ch\/index.php\/wp-json\/wp\/v2\/types\/post"}],"author":[{"embeddable":true,"href":"https:\/\/blog.aqualowe.ch\/index.php\/wp-json\/wp\/v2\/users\/2"}],"replies":[{"embeddable":true,"href":"https:\/\/blog.aqualowe.ch\/index.php\/wp-json\/wp\/v2\/comments?post=95"}],"version-history":[{"count":4,"href":"https:\/\/blog.aqualowe.ch\/index.php\/wp-json\/wp\/v2\/posts\/95\/revisions"}],"predecessor-version":[{"id":1686,"href":"https:\/\/blog.aqualowe.ch\/index.php\/wp-json\/wp\/v2\/posts\/95\/revisions\/1686"}],"wp:attachment":[{"href":"https:\/\/blog.aqualowe.ch\/index.php\/wp-json\/wp\/v2\/media?parent=95"}],"wp:term":[{"taxonomy":"category","embeddable":true,"href":"https:\/\/blog.aqualowe.ch\/index.php\/wp-json\/wp\/v2\/categories?post=95"},{"taxonomy":"post_tag","embeddable":true,"href":"https:\/\/blog.aqualowe.ch\/index.php\/wp-json\/wp\/v2\/tags?post=95"}],"curies":[{"name":"wp","href":"https:\/\/api.w.org\/{rel}","templated":true}]}}